{"id":2423,"date":"2015-11-19T16:04:53","date_gmt":"2015-11-19T16:04:53","guid":{"rendered":"https:\/\/www.imk.si\/dan-jeklenih-konstrukcij-2015\/"},"modified":"2017-02-24T16:19:55","modified_gmt":"2017-02-24T16:19:55","slug":"the-day-of-steel-structures-2015","status":"publish","type":"post","link":"https:\/\/www.imk.si\/en\/the-day-of-steel-structures-2015\/","title":{"rendered":"The day of steel structures 2015"},"content":{"rendered":"<p>Institute of Metal Structures from Ljubljana in 2015 celebrated its 60 anniversary. On this occasion, it was organized a one-day event entitled &#8220;The day of steel structures&#8221;, which was held on 19th November 2015 in Ljubljana.<!--more--><\/p>\n<div id='gallery-1' class='gallery galleryid-2423 gallery-columns-3 gallery-size-thumbnail'><figure class='gallery-item'>\n\t\t\t<div class='gallery-icon landscape'>\n\t\t\t\t<a href='https:\/\/www.imk.si\/wp-content\/uploads\/2016\/11\/djk4.jpg'><img loading=\"lazy\" decoding=\"async\" width=\"150\" height=\"150\" src=\"https:\/\/www.imk.si\/wp-content\/uploads\/2016\/11\/djk4-150x150.jpg\" class=\"attachment-thumbnail size-thumbnail\" alt=\"\" \/><\/a>\n\t\t\t<\/div><\/figure><figure class='gallery-item'>\n\t\t\t<div class='gallery-icon landscape'>\n\t\t\t\t<a href='https:\/\/www.imk.si\/wp-content\/uploads\/2016\/11\/djk2.jpg'><img loading=\"lazy\" decoding=\"async\" width=\"150\" height=\"150\" src=\"https:\/\/www.imk.si\/wp-content\/uploads\/2016\/11\/djk2-150x150.jpg\" class=\"attachment-thumbnail size-thumbnail\" alt=\"\" \/><\/a>\n\t\t\t<\/div><\/figure><figure class='gallery-item'>\n\t\t\t<div class='gallery-icon landscape'>\n\t\t\t\t<a href='https:\/\/www.imk.si\/wp-content\/uploads\/2016\/11\/djk1.jpg'><img loading=\"lazy\" decoding=\"async\" width=\"150\" height=\"150\" src=\"https:\/\/www.imk.si\/wp-content\/uploads\/2016\/11\/djk1-150x150.jpg\" class=\"attachment-thumbnail size-thumbnail\" alt=\"\" \/><\/a>\n\t\t\t<\/div><\/figure>\n\t\t<\/div>\n\n","protected":false},"excerpt":{"rendered":"<p>In\u0161titut za metalne konstrukcije iz Ljubljane je v letu 2015 praznoval 60 letnico obstoja. Ob tej prilo\u017enosti smo organizirali enodnevno strokovno sre\u010danje z naslovom: \u00bbDan jeklenih konstrukcij\u00ab, ki je potekalo 19. 11. 2015 v Ljubljani.<\/p>\n","protected":false},"author":2,"featured_media":1931,"comment_status":"closed","ping_status":"closed","sticky":false,"template":"","format":"standard","meta":{"_acf_changed":false,"footnotes":""},"categories":[130],"tags":[],"class_list":["post-2423","post","type-post","status-publish","format-standard","has-post-thumbnail","hentry","category-strokovni-dogodki-en"],"acf":[],"_links":{"self":[{"href":"https:\/\/www.imk.si\/en\/wp-json\/wp\/v2\/posts\/2423"}],"collection":[{"href":"https:\/\/www.imk.si\/en\/wp-json\/wp\/v2\/posts"}],"about":[{"href":"https:\/\/www.imk.si\/en\/wp-json\/wp\/v2\/types\/post"}],"author":[{"embeddable":true,"href":"https:\/\/www.imk.si\/en\/wp-json\/wp\/v2\/users\/2"}],"replies":[{"embeddable":true,"href":"https:\/\/www.imk.si\/en\/wp-json\/wp\/v2\/comments?post=2423"}],"version-history":[{"count":2,"href":"https:\/\/www.imk.si\/en\/wp-json\/wp\/v2\/posts\/2423\/revisions"}],"predecessor-version":[{"id":2425,"href":"https:\/\/www.imk.si\/en\/wp-json\/wp\/v2\/posts\/2423\/revisions\/2425"}],"wp:featuredmedia":[{"embeddable":true,"href":"https:\/\/www.imk.si\/en\/wp-json\/wp\/v2\/media\/1931"}],"wp:attachment":[{"href":"https:\/\/www.imk.si\/en\/wp-json\/wp\/v2\/media?parent=2423"}],"wp:term":[{"taxonomy":"category","embeddable":true,"href":"https:\/\/www.imk.si\/en\/wp-json\/wp\/v2\/categories?post=2423"},{"taxonomy":"post_tag","embeddable":true,"href":"https:\/\/www.imk.si\/en\/wp-json\/wp\/v2\/tags?post=2423"}],"curies":[{"name":"wp","href":"https:\/\/api.w.org\/{rel}","templated":true}]}}